{"id":958,"date":"2016-02-02T18:18:21","date_gmt":"2016-02-02T17:18:21","guid":{"rendered":"http:\/\/gaussschule-braunschweig.de\/?p=958"},"modified":"2016-02-29T12:18:16","modified_gmt":"2016-02-29T11:18:16","slug":"gaussschuelerinnen-beim-rhetorik","status":"publish","type":"post","link":"https:\/\/gaussschule-braunschweig.de\/?p=958","title":{"rendered":"Erfolge"},"content":{"rendered":"<p><strong>Gau\u00dfsch\u00fclerinnen beim Rhetorik- und Kommunikationsseminar erfolgreich<\/strong><\/p>\n<p>Zum zehnten Mal luden die Erich-Mundstock-Stiftung und das Atelier Sprache e.V. am Predigerseminar Braunschweig ausgew\u00e4hlte Sch\u00fclerinnen und Sch\u00fcler aus Braunschweig und Umgebung ein \u2013 unter dem Motto \u201eRhetorische Pr\u00e4senz, Rhetorik, Schreiben und Ethik bot man zwei viert\u00e4gige Seminare an, in\u00a0 dem auch sechs Gau\u00dfsch\u00fclerinnen positive Erfahrungen machen durften.<\/p>\n<p>Die Oberstufensch\u00fclerinnen Nina Baguette, Melina Becker, Clara Hettwer, Hannah Koch, Lina Loth und Anna Meier waren begeistert von Struktur und Inhalten des Seminars: \u201eIch habe gelernt, mich zu \u00fcberwinden\u201c fasst Lina ihre Eindr\u00fccke der ersten Tage zusammen. Nina und Hannah erg\u00e4nzen: \u201eMan wird lockerer, wenn man wei\u00df, wie man vorgehen soll, weil man die Struktur eines Vortrags kennt.\u201c<\/p>\n<p>Angetan waren die M\u00e4dchen auch vom angenehmen und konstruktiven Miteinander im Umgang mit den Sch\u00fclerinnen und Sch\u00fclern der anderen Schulen. Bei der abschlie\u00dfenden Pr\u00e4sentation wurden in \u00fcberwiegend gemischten Gruppen Pr\u00e4sentationen vorgestellt, die gesellschaftliche Herausforderungen zum Thema hatten: Die Gruppe, zu der Hannah, Lina und Nina geh\u00f6rten, hatte vegetarische Ern\u00e4hrung zum Thema. Dabei verkn\u00fcpften sie gekonnt rhetorische und narrative Elemente.<\/p>\n<p>Zu den Abschlusspr\u00e4sentationen waren zahlreiche Angeh\u00f6rige und Lehrkr\u00e4fte gekommen, von der Gau\u00dfschule der stellvertretende Schulleiter Stefan L\u00fcttenberg.<\/p>\n<p>Karl-Heinz R\u00f6per, der als Gesch\u00e4ftsf\u00fchrer der Erich-Mundstock-Stiftung teilnahm, begr\u00fcndete das Engagement der Stiftung mit dem Wunsch, Sch\u00fclerinnen und Sch\u00fclern der Region mit nachhaltigen Bildungsangeboten zu unterst\u00fctzen. Pfarrerin Ingrid Drost von Bernewitz, Leiterin des Predigerseminars lobte die Arbeit mit den Sch\u00fclerinnen und Sch\u00fclern: \u201eEs war f\u00fcr mich ein absolutes Highlight.\u201c<\/p>\n<p>Die Gau\u00dfschule darf sich bereits jetzt darauf freuen, auch im kommenden Jahr Sch\u00fclerinnen und Sch\u00fcler zum Rhetorik- und Kommunikationsseminar zu entsenden.<\/p>\n<p><em>Lina Loth, Hannah Koch und Nina Baguette (von links) wurden mit Urkunden ausgezeichnet.<\/em><\/p>\n<p><strong>\u00a0<\/strong><\/p>\n","protected":false},"excerpt":{"rendered":"<p>Gau\u00dfsch\u00fclerinnen beim Rhetorik- und Kommunikationsseminar erfolgreich Zum zehnten Mal luden die Erich-Mundstock-Stiftung und das Atelier Sprache e.V. am Predigerseminar Braunschweig ausgew\u00e4hlte Sch\u00fclerinnen und Sch\u00fcler aus Braunschweig und Umgebung ein \u2013 unter dem Motto \u201eRhetorische Pr\u00e4senz, Rhetorik, Schreiben und Ethik bot man zwei viert\u00e4gige Seminare an, in\u00a0 dem auch sechs Gau\u00dfsch\u00fclerinnen positive Erfahrungen machen durften. Die&#8230; <a href=\"https:\/\/gaussschule-braunschweig.de\/?p=958\" class=\"excerpt-read-more\">Read More<\/a><\/p>\n","protected":false},"author":1,"featured_media":959,"comment_status":"closed","ping_status":"closed","sticky":false,"template":"","format":"standard","meta":{"footnotes":"","_links_to":"","_links_to_target":""},"categories":[23,71],"tags":[],"class_list":["post-958","post","type-post","status-publish","format-standard","has-post-thumbnail","hentry","category-aktuelles","category-erfolge-und-auszeichnungen"],"_links":{"self":[{"href":"https:\/\/gaussschule-braunschweig.de\/index.php?rest_route=\/wp\/v2\/posts\/958","targetHints":{"allow":["GET"]}}],"collection":[{"href":"https:\/\/gaussschule-braunschweig.de\/index.php?rest_route=\/wp\/v2\/posts"}],"about":[{"href":"https:\/\/gaussschule-braunschweig.de\/index.php?rest_route=\/wp\/v2\/types\/post"}],"author":[{"embeddable":true,"href":"https:\/\/gaussschule-braunschweig.de\/index.php?rest_route=\/wp\/v2\/users\/1"}],"replies":[{"embeddable":true,"href":"https:\/\/gaussschule-braunschweig.de\/index.php?rest_route=%2Fwp%2Fv2%2Fcomments&post=958"}],"version-history":[{"count":3,"href":"https:\/\/gaussschule-braunschweig.de\/index.php?rest_route=\/wp\/v2\/posts\/958\/revisions"}],"predecessor-version":[{"id":963,"href":"https:\/\/gaussschule-braunschweig.de\/index.php?rest_route=\/wp\/v2\/posts\/958\/revisions\/963"}],"wp:featuredmedia":[{"embeddable":true,"href":"https:\/\/gaussschule-braunschweig.de\/index.php?rest_route=\/wp\/v2\/media\/959"}],"wp:attachment":[{"href":"https:\/\/gaussschule-braunschweig.de\/index.php?rest_route=%2Fwp%2Fv2%2Fmedia&parent=958"}],"wp:term":[{"taxonomy":"category","embeddable":true,"href":"https:\/\/gaussschule-braunschweig.de\/index.php?rest_route=%2Fwp%2Fv2%2Fcategories&post=958"},{"taxonomy":"post_tag","embeddable":true,"href":"https:\/\/gaussschule-braunschweig.de\/index.php?rest_route=%2Fwp%2Fv2%2Ftags&post=958"}],"curies":[{"name":"wp","href":"https:\/\/api.w.org\/{rel}","templated":true}]}}