{"id":5206,"date":"2020-07-08T15:58:49","date_gmt":"2020-07-08T13:58:49","guid":{"rendered":"https:\/\/gaussschule-braunschweig.de\/?p=5206"},"modified":"2020-07-21T07:55:16","modified_gmt":"2020-07-21T05:55:16","slug":"konzert-im-gruenen","status":"publish","type":"post","link":"https:\/\/gaussschule-braunschweig.de\/?p=5206","title":{"rendered":"Konzert im Gr\u00fcnen"},"content":{"rendered":"\n<p class=\"Text\" style=\"line-height: 150%;\"><span style=\"font-size: 12.0pt; line-height: 150%;\">Bedingt durch die Kontaktbeschr\u00e4nkungen zur Bek\u00e4mpfung des Corona-Virus wurden deutschlandweit Opernh\u00e4user, Konzerts\u00e4le und Kinos geschlossen. Auch die Projekte und Besuche, die im Rahmen unseres Kulturkompasses geplant waren, mussten abgesagt werden. Als kleine Entsch\u00e4digung bekamen wir Besuch von unserem Kulturpartner, dem Staatstheater Braunschweig. Ein Bl\u00e4ser-Trio, bestehend aus Mitgliedern des Braunschweiger Staatsorchesters, konzertierte in idyllischer Atmosph\u00e4re am Ufer der Oker. Die 6. und 10. Klasse unseres Musikzweiges, die das Konzert mit gro\u00dfem Interesse und unter Wahrung der Sicherheitsabst\u00e4nde verfolgten, waren begeistert, mal wieder ein Live-Konzert erleben zu d\u00fcrfen. \u201eAuf dem L\u00f6wenwall in der Sonne zu sitzen und Musik zu h\u00f6ren \u2013 was gibt es Sch\u00f6neres!\u201c, fasst Irene ihre Eindr\u00fccke nach dem Konzert zusammen.<\/span><\/p>\n\n\n\n<figure class=\"wp-block-embed-youtube wp-block-embed is-type-video is-provider-youtube wp-embed-aspect-16-9 wp-has-aspect-ratio\"><div class=\"wp-block-embed__wrapper\">\n<iframe loading=\"lazy\" title=\"Konzert im Gr\u00fcnen\" width=\"960\" height=\"540\" src=\"https:\/\/www.youtube.com\/embed\/Jp7utroMhCE?feature=oembed\" frameborder=\"0\" allow=\"accelerometer; autoplay; encrypted-media; gyroscope; picture-in-picture\" allowfullscreen><\/iframe>\n<\/div><\/figure>\n","protected":false},"excerpt":{"rendered":"<p>Bedingt durch die Kontaktbeschr\u00e4nkungen zur Bek\u00e4mpfung des Corona-Virus wurden deutschlandweit Opernh\u00e4user, Konzerts\u00e4le und Kinos geschlossen. Auch die Projekte und Besuche, die im Rahmen unseres Kulturkompasses geplant waren, mussten abgesagt werden. Als kleine Entsch\u00e4digung bekamen wir Besuch von unserem Kulturpartner, dem Staatstheater Braunschweig. Ein Bl\u00e4ser-Trio, bestehend aus Mitgliedern des Braunschweiger Staatsorchesters, konzertierte in idyllischer Atmosph\u00e4re am&#8230; <a href=\"https:\/\/gaussschule-braunschweig.de\/?p=5206\" class=\"excerpt-read-more\">Read More<\/a><\/p>\n","protected":false},"author":1,"featured_media":5200,"comment_status":"closed","ping_status":"closed","sticky":false,"template":"","format":"standard","meta":{"footnotes":"","_links_to":"","_links_to_target":""},"categories":[23,69],"tags":[],"class_list":["post-5206","post","type-post","status-publish","format-standard","has-post-thumbnail","hentry","category-aktuelles","category-veranstaltungen"],"_links":{"self":[{"href":"https:\/\/gaussschule-braunschweig.de\/index.php?rest_route=\/wp\/v2\/posts\/5206","targetHints":{"allow":["GET"]}}],"collection":[{"href":"https:\/\/gaussschule-braunschweig.de\/index.php?rest_route=\/wp\/v2\/posts"}],"about":[{"href":"https:\/\/gaussschule-braunschweig.de\/index.php?rest_route=\/wp\/v2\/types\/post"}],"author":[{"embeddable":true,"href":"https:\/\/gaussschule-braunschweig.de\/index.php?rest_route=\/wp\/v2\/users\/1"}],"replies":[{"embeddable":true,"href":"https:\/\/gaussschule-braunschweig.de\/index.php?rest_route=%2Fwp%2Fv2%2Fcomments&post=5206"}],"version-history":[{"count":4,"href":"https:\/\/gaussschule-braunschweig.de\/index.php?rest_route=\/wp\/v2\/posts\/5206\/revisions"}],"predecessor-version":[{"id":5240,"href":"https:\/\/gaussschule-braunschweig.de\/index.php?rest_route=\/wp\/v2\/posts\/5206\/revisions\/5240"}],"wp:featuredmedia":[{"embeddable":true,"href":"https:\/\/gaussschule-braunschweig.de\/index.php?rest_route=\/wp\/v2\/media\/5200"}],"wp:attachment":[{"href":"https:\/\/gaussschule-braunschweig.de\/index.php?rest_route=%2Fwp%2Fv2%2Fmedia&parent=5206"}],"wp:term":[{"taxonomy":"category","embeddable":true,"href":"https:\/\/gaussschule-braunschweig.de\/index.php?rest_route=%2Fwp%2Fv2%2Fcategories&post=5206"},{"taxonomy":"post_tag","embeddable":true,"href":"https:\/\/gaussschule-braunschweig.de\/index.php?rest_route=%2Fwp%2Fv2%2Ftags&post=5206"}],"curies":[{"name":"wp","href":"https:\/\/api.w.org\/{rel}","templated":true}]}}