{"id":4550,"date":"2019-07-03T10:50:12","date_gmt":"2019-07-03T08:50:12","guid":{"rendered":"https:\/\/gaussschule-braunschweig.de\/?p=4550"},"modified":"2019-07-03T10:50:14","modified_gmt":"2019-07-03T08:50:14","slug":"sommerkonzert-2019","status":"publish","type":"post","link":"https:\/\/gaussschule-braunschweig.de\/?p=4550","title":{"rendered":"Sommerkonzert 2019"},"content":{"rendered":"\n<p>Am 18. Mai fand unser Sommerkonzert statt! Bei hochsommerlichen Temperaturen spielten 120 Sch\u00fclerinnen und Sch\u00fcler dem Publikum ein L\u00e4cheln ins Gesicht. Auf drei B\u00fchnen im Schulgeb\u00e4ude und auf dem Schulhof fanden insgesamt zahlreiche Minikonzerte von ganz unterschiedlicher Art statt. Den Anfang machte der Kinderlieders\u00e4nger und Singer-Songwriter \u201aSimon sagt\u2019, der gemeinsam mit den Gau\u00dfsch\u00fclerinnen und Gau\u00dfsch\u00fclern des 5. Jahrgangs seine Songs und das Gau\u00dfschullied sang. Ein fulminanter Beginn! W\u00e4hrend sich auf der B\u00fchne der Aula die Musik-Arbeitsgemeinschaften Orchester, Percussion-Ensemble, Bigband und beide Ch\u00f6re pr\u00e4sentierten, musizierten einzelne Sch\u00fclerinnen und Sch\u00fcler alleine, mit Begleitung oder im Ensemble in den Musikr\u00e4umen. Auf dem Schulhof heizten unsere Bands dem Publikum kr\u00e4ftig ein. Durch die Konzeption als Wandelkonzert war es zum einen jedem Besucher selbst \u00fcberlassen, welche Minikonzerte er besuchte. Zum anderen konnte so die musikpraktische Arbeit an der Gau\u00dfschule in ihrer ganzen Bandbreite einer gro\u00dfen \u00d6ffentlichkeit pr\u00e4sentiert werden. Bei Bionade und Bratwurst geno\u00df das Publikum noch bis in die Abendstunden hinein jazzige Kl\u00e4nge unserer Sch\u00fclerband Snack Attack aus dem 11. Jahrgang.<\/p>\n\n\n\n<ul class=\"wp-block-gallery columns-3 is-cropped wp-block-gallery-1 is-layout-flex wp-block-gallery-is-layout-flex\"><li class=\"blocks-gallery-item\"><figure><img loading=\"lazy\" decoding=\"async\" width=\"1024\" height=\"768\" src=\"https:\/\/gaussschule-braunschweig.de\/wp-content\/uploads\/2019\/07\/sommerkonzert_5-1024x768.jpg\" alt=\"\" data-id=\"4555\" data-link=\"https:\/\/gaussschule-braunschweig.de\/?attachment_id=4555\" class=\"wp-image-4555\" srcset=\"https:\/\/gaussschule-braunschweig.de\/wp-content\/uploads\/2019\/07\/sommerkonzert_5.jpg 1024w, https:\/\/gaussschule-braunschweig.de\/wp-content\/uploads\/2019\/07\/sommerkonzert_5-300x225.jpg 300w, https:\/\/gaussschule-braunschweig.de\/wp-content\/uploads\/2019\/07\/sommerkonzert_5-768x576.jpg 768w, https:\/\/gaussschule-braunschweig.de\/wp-content\/uploads\/2019\/07\/sommerkonzert_5-600x450.jpg 600w, https:\/\/gaussschule-braunschweig.de\/wp-content\/uploads\/2019\/07\/sommerkonzert_5-400x300.jpg 400w\" sizes=\"auto, (max-width: 1024px) 100vw, 1024px\" \/><\/figure><\/li><li class=\"blocks-gallery-item\"><figure><img loading=\"lazy\" decoding=\"async\" width=\"1024\" height=\"768\" src=\"https:\/\/gaussschule-braunschweig.de\/wp-content\/uploads\/2019\/07\/sommerkonzert_4-1024x768.jpg\" alt=\"\" data-id=\"4554\" data-link=\"https:\/\/gaussschule-braunschweig.de\/?attachment_id=4554\" class=\"wp-image-4554\" srcset=\"https:\/\/gaussschule-braunschweig.de\/wp-content\/uploads\/2019\/07\/sommerkonzert_4.jpg 1024w, https:\/\/gaussschule-braunschweig.de\/wp-content\/uploads\/2019\/07\/sommerkonzert_4-300x225.jpg 300w, https:\/\/gaussschule-braunschweig.de\/wp-content\/uploads\/2019\/07\/sommerkonzert_4-768x576.jpg 768w, https:\/\/gaussschule-braunschweig.de\/wp-content\/uploads\/2019\/07\/sommerkonzert_4-600x450.jpg 600w, https:\/\/gaussschule-braunschweig.de\/wp-content\/uploads\/2019\/07\/sommerkonzert_4-400x300.jpg 400w\" sizes=\"auto, (max-width: 1024px) 100vw, 1024px\" \/><\/figure><\/li><li class=\"blocks-gallery-item\"><figure><img loading=\"lazy\" decoding=\"async\" width=\"1024\" height=\"768\" src=\"https:\/\/gaussschule-braunschweig.de\/wp-content\/uploads\/2019\/07\/sommerkonzert_3-1024x768.jpg\" alt=\"\" data-id=\"4553\" data-link=\"https:\/\/gaussschule-braunschweig.de\/?attachment_id=4553\" class=\"wp-image-4553\" srcset=\"https:\/\/gaussschule-braunschweig.de\/wp-content\/uploads\/2019\/07\/sommerkonzert_3.jpg 1024w, https:\/\/gaussschule-braunschweig.de\/wp-content\/uploads\/2019\/07\/sommerkonzert_3-300x225.jpg 300w, https:\/\/gaussschule-braunschweig.de\/wp-content\/uploads\/2019\/07\/sommerkonzert_3-768x576.jpg 768w, https:\/\/gaussschule-braunschweig.de\/wp-content\/uploads\/2019\/07\/sommerkonzert_3-600x450.jpg 600w, https:\/\/gaussschule-braunschweig.de\/wp-content\/uploads\/2019\/07\/sommerkonzert_3-400x300.jpg 400w\" sizes=\"auto, (max-width: 1024px) 100vw, 1024px\" \/><\/figure><\/li><li class=\"blocks-gallery-item\"><figure><img loading=\"lazy\" decoding=\"async\" width=\"1024\" height=\"768\" src=\"https:\/\/gaussschule-braunschweig.de\/wp-content\/uploads\/2019\/07\/sommerkonzert_2-1024x768.jpg\" alt=\"\" data-id=\"4552\" data-link=\"https:\/\/gaussschule-braunschweig.de\/?attachment_id=4552\" class=\"wp-image-4552\" srcset=\"https:\/\/gaussschule-braunschweig.de\/wp-content\/uploads\/2019\/07\/sommerkonzert_2.jpg 1024w, https:\/\/gaussschule-braunschweig.de\/wp-content\/uploads\/2019\/07\/sommerkonzert_2-300x225.jpg 300w, https:\/\/gaussschule-braunschweig.de\/wp-content\/uploads\/2019\/07\/sommerkonzert_2-768x576.jpg 768w, https:\/\/gaussschule-braunschweig.de\/wp-content\/uploads\/2019\/07\/sommerkonzert_2-600x450.jpg 600w, https:\/\/gaussschule-braunschweig.de\/wp-content\/uploads\/2019\/07\/sommerkonzert_2-400x300.jpg 400w\" sizes=\"auto, (max-width: 1024px) 100vw, 1024px\" \/><\/figure><\/li><li class=\"blocks-gallery-item\"><figure><img loading=\"lazy\" decoding=\"async\" width=\"1024\" height=\"768\" src=\"https:\/\/gaussschule-braunschweig.de\/wp-content\/uploads\/2019\/07\/sommerkonzert_1-1024x768.jpg\" alt=\"\" data-id=\"4551\" data-link=\"https:\/\/gaussschule-braunschweig.de\/?attachment_id=4551\" class=\"wp-image-4551\" srcset=\"https:\/\/gaussschule-braunschweig.de\/wp-content\/uploads\/2019\/07\/sommerkonzert_1.jpg 1024w, https:\/\/gaussschule-braunschweig.de\/wp-content\/uploads\/2019\/07\/sommerkonzert_1-300x225.jpg 300w, https:\/\/gaussschule-braunschweig.de\/wp-content\/uploads\/2019\/07\/sommerkonzert_1-768x576.jpg 768w, https:\/\/gaussschule-braunschweig.de\/wp-content\/uploads\/2019\/07\/sommerkonzert_1-600x450.jpg 600w, https:\/\/gaussschule-braunschweig.de\/wp-content\/uploads\/2019\/07\/sommerkonzert_1-400x300.jpg 400w\" sizes=\"auto, (max-width: 1024px) 100vw, 1024px\" \/><\/figure><\/li><\/ul>\n","protected":false},"excerpt":{"rendered":"<p>Am 18. Mai fand unser Sommerkonzert statt! Bei hochsommerlichen Temperaturen spielten 120 Sch\u00fclerinnen und Sch\u00fcler dem Publikum ein L\u00e4cheln ins Gesicht. Auf drei B\u00fchnen im Schulgeb\u00e4ude und auf dem Schulhof fanden insgesamt zahlreiche Minikonzerte von ganz unterschiedlicher Art statt. Den Anfang machte der Kinderlieders\u00e4nger und Singer-Songwriter \u201aSimon sagt\u2019, der gemeinsam mit den Gau\u00dfsch\u00fclerinnen und Gau\u00dfsch\u00fclern&#8230; <a href=\"https:\/\/gaussschule-braunschweig.de\/?p=4550\" class=\"excerpt-read-more\">Read More<\/a><\/p>\n","protected":false},"author":1,"featured_media":4556,"comment_status":"closed","ping_status":"closed","sticky":false,"template":"","format":"standard","meta":{"footnotes":"","_links_to":"","_links_to_target":""},"categories":[23,69],"tags":[],"class_list":["post-4550","post","type-post","status-publish","format-standard","has-post-thumbnail","hentry","category-aktuelles","category-veranstaltungen"],"_links":{"self":[{"href":"https:\/\/gaussschule-braunschweig.de\/index.php?rest_route=\/wp\/v2\/posts\/4550","targetHints":{"allow":["GET"]}}],"collection":[{"href":"https:\/\/gaussschule-braunschweig.de\/index.php?rest_route=\/wp\/v2\/posts"}],"about":[{"href":"https:\/\/gaussschule-braunschweig.de\/index.php?rest_route=\/wp\/v2\/types\/post"}],"author":[{"embeddable":true,"href":"https:\/\/gaussschule-braunschweig.de\/index.php?rest_route=\/wp\/v2\/users\/1"}],"replies":[{"embeddable":true,"href":"https:\/\/gaussschule-braunschweig.de\/index.php?rest_route=%2Fwp%2Fv2%2Fcomments&post=4550"}],"version-history":[{"count":2,"href":"https:\/\/gaussschule-braunschweig.de\/index.php?rest_route=\/wp\/v2\/posts\/4550\/revisions"}],"predecessor-version":[{"id":4558,"href":"https:\/\/gaussschule-braunschweig.de\/index.php?rest_route=\/wp\/v2\/posts\/4550\/revisions\/4558"}],"wp:featuredmedia":[{"embeddable":true,"href":"https:\/\/gaussschule-braunschweig.de\/index.php?rest_route=\/wp\/v2\/media\/4556"}],"wp:attachment":[{"href":"https:\/\/gaussschule-braunschweig.de\/index.php?rest_route=%2Fwp%2Fv2%2Fmedia&parent=4550"}],"wp:term":[{"taxonomy":"category","embeddable":true,"href":"https:\/\/gaussschule-braunschweig.de\/index.php?rest_route=%2Fwp%2Fv2%2Fcategories&post=4550"},{"taxonomy":"post_tag","embeddable":true,"href":"https:\/\/gaussschule-braunschweig.de\/index.php?rest_route=%2Fwp%2Fv2%2Ftags&post=4550"}],"curies":[{"name":"wp","href":"https:\/\/api.w.org\/{rel}","templated":true}]}}