{"id":4345,"date":"2019-02-28T09:32:22","date_gmt":"2019-02-28T08:32:22","guid":{"rendered":"https:\/\/gaussschule-braunschweig.de\/?p=4345"},"modified":"2019-02-28T09:32:24","modified_gmt":"2019-02-28T08:32:24","slug":"rhetorik-seminar-des-atelier-sprache","status":"publish","type":"post","link":"https:\/\/gaussschule-braunschweig.de\/?p=4345","title":{"rendered":"Rhetorik-Seminar des Atelier Sprache"},"content":{"rendered":"\n<p> Dass der Ton die Musik macht, gilt auch f\u00fcr die freie Rede bei \u00f6ffentlichen Auftritten. Die Gau\u00dfsch\u00fcler Lara Leimbach, Friederike Wendt und Simon Glimmann hatten im Januar die M\u00f6glichkeit, an einem Rhetorik-Seminar des Braunschweiger Atelier Sprache e.V., das von der Erich-Mundstock-Stiftung finanziert wurde, teilzunehmen, um dort ganz praktisch Einblicke in die Feinheiten der Rhetorik zu bekommen. Eine Woche lang wurden sie im kreativen Schreiben, im Aufbau einer Rede und im Argumentieren<br>geschult. Lara Leimbach berichtet von ihren Eindr\u00fccken: \u201eIn einer Gruppe von 18 Sch\u00fclerinnen und Sch\u00fclern aus den Jahrg\u00e4ngen 10-12 haben wir vier Tage lang zu den Themen Rhetorik, rhetorische Pr\u00e4senz und kreatives Schreiben gearbeitet. Wir hatten zwei verschiedene Lehrer f\u00fcr die unterschiedlichen Themengebiete, die beide sehr engagiert waren und Wert auf praktische \u00dcbungen gelegt haben. Die Tage haben uns sehr viel Spa\u00df gemacht, denn es war ein sehr entspanntes Lernen. Besonders gut waren das ausf\u00fchrliche Feedback, das wir bekommen haben, und die Vielfalt der \u00dcbungen. Wir haben uns in kleinen Schritten an das freie Sprechen und das Schreiben von Texten herangetastet, bis wir am letzten Tag schlie\u00dflich in Gruppen eine Rede zu einem von uns selbst gew\u00e4hlten Thema gehalten haben. Die vier Tage waren viel zu schnell vergangen.<br>Wir k\u00f6nnen dieses Seminar nur weiterempfehlen und hoffen, dass die Erich-Mundstock Stiftung es auch in Zukunft finanzieren wird.\u201c<\/p>\n","protected":false},"excerpt":{"rendered":"<p>Dass der Ton die Musik macht, gilt auch f\u00fcr die freie Rede bei \u00f6ffentlichen Auftritten. Die Gau\u00dfsch\u00fcler Lara Leimbach, Friederike Wendt und Simon Glimmann hatten im Januar die M\u00f6glichkeit, an einem Rhetorik-Seminar des Braunschweiger Atelier Sprache e.V., das von der Erich-Mundstock-Stiftung finanziert wurde, teilzunehmen, um dort ganz praktisch Einblicke in die Feinheiten der Rhetorik zu&#8230; <a href=\"https:\/\/gaussschule-braunschweig.de\/?p=4345\" class=\"excerpt-read-more\">Read More<\/a><\/p>\n","protected":false},"author":1,"featured_media":4346,"comment_status":"closed","ping_status":"closed","sticky":false,"template":"","format":"standard","meta":{"footnotes":"","_links_to":"","_links_to_target":""},"categories":[23,71],"tags":[],"class_list":["post-4345","post","type-post","status-publish","format-standard","has-post-thumbnail","hentry","category-aktuelles","category-erfolge-und-auszeichnungen"],"_links":{"self":[{"href":"https:\/\/gaussschule-braunschweig.de\/index.php?rest_route=\/wp\/v2\/posts\/4345","targetHints":{"allow":["GET"]}}],"collection":[{"href":"https:\/\/gaussschule-braunschweig.de\/index.php?rest_route=\/wp\/v2\/posts"}],"about":[{"href":"https:\/\/gaussschule-braunschweig.de\/index.php?rest_route=\/wp\/v2\/types\/post"}],"author":[{"embeddable":true,"href":"https:\/\/gaussschule-braunschweig.de\/index.php?rest_route=\/wp\/v2\/users\/1"}],"replies":[{"embeddable":true,"href":"https:\/\/gaussschule-braunschweig.de\/index.php?rest_route=%2Fwp%2Fv2%2Fcomments&post=4345"}],"version-history":[{"count":2,"href":"https:\/\/gaussschule-braunschweig.de\/index.php?rest_route=\/wp\/v2\/posts\/4345\/revisions"}],"predecessor-version":[{"id":4348,"href":"https:\/\/gaussschule-braunschweig.de\/index.php?rest_route=\/wp\/v2\/posts\/4345\/revisions\/4348"}],"wp:featuredmedia":[{"embeddable":true,"href":"https:\/\/gaussschule-braunschweig.de\/index.php?rest_route=\/wp\/v2\/media\/4346"}],"wp:attachment":[{"href":"https:\/\/gaussschule-braunschweig.de\/index.php?rest_route=%2Fwp%2Fv2%2Fmedia&parent=4345"}],"wp:term":[{"taxonomy":"category","embeddable":true,"href":"https:\/\/gaussschule-braunschweig.de\/index.php?rest_route=%2Fwp%2Fv2%2Fcategories&post=4345"},{"taxonomy":"post_tag","embeddable":true,"href":"https:\/\/gaussschule-braunschweig.de\/index.php?rest_route=%2Fwp%2Fv2%2Ftags&post=4345"}],"curies":[{"name":"wp","href":"https:\/\/api.w.org\/{rel}","templated":true}]}}