{"id":2832,"date":"2017-06-19T10:47:23","date_gmt":"2017-06-19T08:47:23","guid":{"rendered":"http:\/\/gaussschule-braunschweig.de\/?p=2832"},"modified":"2017-06-23T10:47:32","modified_gmt":"2017-06-23T08:47:32","slug":"die-freiheit-im-visier","status":"publish","type":"post","link":"https:\/\/gaussschule-braunschweig.de\/?p=2832","title":{"rendered":"Die Freiheit im Visier"},"content":{"rendered":"<p>Der Politikkurs auf erh\u00f6htem Anforderungsniveau von Jana Gro\u00df machte vom 12. bis 14. Juni eine Exkursion zum Sch\u00fclerseminar \u201eFreiheit im Visier\u201c in der Evangelischen Akademie Loccum. Es ging dabei um die Frage, wie man in Deutschland islamistischem Terror, insbesondere dem Dschihadismus, begegnen kann. In zahlreichen Diskussionsrunden und Input-Vortr\u00e4gen wurden die Gau\u00dfsch\u00fclerinnen und Gau\u00dfsch\u00fcler von Religionswissenschaftlern, Politologen und Vertretern des Verfassungsschutzes informiert. Abgerundet wurde der Austausch der Sch\u00fclerinnen und Sch\u00fcler auch untereinander durch abendliche Sport- und Freizeitaktivit\u00e4ten.<\/p>\n","protected":false},"excerpt":{"rendered":"<p>Der Politikkurs auf erh\u00f6htem Anforderungsniveau von Jana Gro\u00df machte vom 12. bis 14. Juni eine Exkursion zum Sch\u00fclerseminar \u201eFreiheit im Visier\u201c in der Evangelischen Akademie Loccum. Es ging dabei um die Frage, wie man in Deutschland islamistischem Terror, insbesondere dem Dschihadismus, begegnen kann. In zahlreichen Diskussionsrunden und Input-Vortr\u00e4gen wurden die Gau\u00dfsch\u00fclerinnen und Gau\u00dfsch\u00fcler von Religionswissenschaftlern,&#8230; <a href=\"https:\/\/gaussschule-braunschweig.de\/?p=2832\" class=\"excerpt-read-more\">Read More<\/a><\/p>\n","protected":false},"author":1,"featured_media":2833,"comment_status":"closed","ping_status":"closed","sticky":false,"template":"","format":"standard","meta":{"footnotes":"","_links_to":"","_links_to_target":""},"categories":[23,70],"tags":[],"class_list":["post-2832","post","type-post","status-publish","format-standard","has-post-thumbnail","hentry","category-aktuelles","category-exkursionen-und-schulfahrten"],"_links":{"self":[{"href":"https:\/\/gaussschule-braunschweig.de\/index.php?rest_route=\/wp\/v2\/posts\/2832","targetHints":{"allow":["GET"]}}],"collection":[{"href":"https:\/\/gaussschule-braunschweig.de\/index.php?rest_route=\/wp\/v2\/posts"}],"about":[{"href":"https:\/\/gaussschule-braunschweig.de\/index.php?rest_route=\/wp\/v2\/types\/post"}],"author":[{"embeddable":true,"href":"https:\/\/gaussschule-braunschweig.de\/index.php?rest_route=\/wp\/v2\/users\/1"}],"replies":[{"embeddable":true,"href":"https:\/\/gaussschule-braunschweig.de\/index.php?rest_route=%2Fwp%2Fv2%2Fcomments&post=2832"}],"version-history":[{"count":1,"href":"https:\/\/gaussschule-braunschweig.de\/index.php?rest_route=\/wp\/v2\/posts\/2832\/revisions"}],"predecessor-version":[{"id":2834,"href":"https:\/\/gaussschule-braunschweig.de\/index.php?rest_route=\/wp\/v2\/posts\/2832\/revisions\/2834"}],"wp:featuredmedia":[{"embeddable":true,"href":"https:\/\/gaussschule-braunschweig.de\/index.php?rest_route=\/wp\/v2\/media\/2833"}],"wp:attachment":[{"href":"https:\/\/gaussschule-braunschweig.de\/index.php?rest_route=%2Fwp%2Fv2%2Fmedia&parent=2832"}],"wp:term":[{"taxonomy":"category","embeddable":true,"href":"https:\/\/gaussschule-braunschweig.de\/index.php?rest_route=%2Fwp%2Fv2%2Fcategories&post=2832"},{"taxonomy":"post_tag","embeddable":true,"href":"https:\/\/gaussschule-braunschweig.de\/index.php?rest_route=%2Fwp%2Fv2%2Ftags&post=2832"}],"curies":[{"name":"wp","href":"https:\/\/api.w.org\/{rel}","templated":true}]}}