{"id":2816,"date":"2017-06-22T11:42:08","date_gmt":"2017-06-22T09:42:08","guid":{"rendered":"http:\/\/gaussschule-braunschweig.de\/?p=2816"},"modified":"2017-06-23T10:18:28","modified_gmt":"2017-06-23T08:18:28","slug":"neues-aus-dem-schulgarten","status":"publish","type":"post","link":"https:\/\/gaussschule-braunschweig.de\/?p=2816","title":{"rendered":"Neues aus dem Schulgarten"},"content":{"rendered":"<p>Die Gau\u00df-G\u00e4rtner aus der gleichnamigen Arbeitsgemeinschaft haben sich in den Wochen vor den gro\u00dfen Ferien besonders flei\u00dfig durch das Erdreich gew\u00fchlt, um den Schulgarten sommerfit zu machen. Dabei sind ihnen viele neue Blumen und Bl\u00fcten unter die Nase gekommen: Neben dem Feuerdorn bl\u00fchen gerade violette Glockenblumen, Zierlauch und Frauenmantel, orangene Taglilie, gelbes M\u00e4dchenauge, violette Dreimaster-Blume und noch immer Stiefm\u00fctterchen. Die Pfefferminze ist gro\u00df geworden und Zitronenmelisse hat sich vermehrt. Das Seifenkraut ist kurz vor dem Aufbl\u00fchen. Vielleicht h\u00e4lt es bis zum August durch und begr\u00fc\u00dft uns zum neuen Schuljahr.<\/p>\n<p><a href=\"https:\/\/gaussschule-braunschweig.de\/wp-content\/uploads\/2017\/06\/schulgarten_06_17_2.jpg\"><img loading=\"lazy\" decoding=\"async\" class=\"alignnone wp-image-2819 size-medium\" src=\"https:\/\/gaussschule-braunschweig.de\/wp-content\/uploads\/2017\/06\/schulgarten_06_17_2-300x225.jpg\" alt=\"\" width=\"300\" height=\"225\" srcset=\"https:\/\/gaussschule-braunschweig.de\/wp-content\/uploads\/2017\/06\/schulgarten_06_17_2-300x225.jpg 300w, https:\/\/gaussschule-braunschweig.de\/wp-content\/uploads\/2017\/06\/schulgarten_06_17_2-400x300.jpg 400w, https:\/\/gaussschule-braunschweig.de\/wp-content\/uploads\/2017\/06\/schulgarten_06_17_2.jpg 640w\" sizes=\"auto, (max-width: 300px) 100vw, 300px\" \/>\u00a0<\/a><a href=\"https:\/\/gaussschule-braunschweig.de\/wp-content\/uploads\/2017\/06\/schulgarten_06_17-e1498128734351.jpg\"><img loading=\"lazy\" decoding=\"async\" class=\"alignnone wp-image-2818 size-medium\" src=\"https:\/\/gaussschule-braunschweig.de\/wp-content\/uploads\/2017\/06\/schulgarten_06_17-e1498128734351-225x300.jpg\" alt=\"\" width=\"225\" height=\"300\" srcset=\"https:\/\/gaussschule-braunschweig.de\/wp-content\/uploads\/2017\/06\/schulgarten_06_17-e1498128734351-225x300.jpg 225w, https:\/\/gaussschule-braunschweig.de\/wp-content\/uploads\/2017\/06\/schulgarten_06_17-e1498128734351.jpg 480w\" sizes=\"auto, (max-width: 225px) 100vw, 225px\" \/><\/a><\/p>\n","protected":false},"excerpt":{"rendered":"<p>Die Gau\u00df-G\u00e4rtner aus der gleichnamigen Arbeitsgemeinschaft haben sich in den Wochen vor den gro\u00dfen Ferien besonders flei\u00dfig durch das Erdreich gew\u00fchlt, um den Schulgarten sommerfit zu machen. Dabei sind ihnen viele neue Blumen und Bl\u00fcten unter die Nase gekommen: Neben dem Feuerdorn bl\u00fchen gerade violette Glockenblumen, Zierlauch und Frauenmantel, orangene Taglilie, gelbes M\u00e4dchenauge, violette Dreimaster-Blume&#8230; <a href=\"https:\/\/gaussschule-braunschweig.de\/?p=2816\" class=\"excerpt-read-more\">Read More<\/a><\/p>\n","protected":false},"author":1,"featured_media":2817,"comment_status":"closed","ping_status":"closed","sticky":false,"template":"","format":"standard","meta":{"footnotes":"","_links_to":"","_links_to_target":""},"categories":[23,72],"tags":[],"class_list":["post-2816","post","type-post","status-publish","format-standard","has-post-thumbnail","hentry","category-aktuelles","category-unterricht-und-projekte"],"_links":{"self":[{"href":"https:\/\/gaussschule-braunschweig.de\/index.php?rest_route=\/wp\/v2\/posts\/2816","targetHints":{"allow":["GET"]}}],"collection":[{"href":"https:\/\/gaussschule-braunschweig.de\/index.php?rest_route=\/wp\/v2\/posts"}],"about":[{"href":"https:\/\/gaussschule-braunschweig.de\/index.php?rest_route=\/wp\/v2\/types\/post"}],"author":[{"embeddable":true,"href":"https:\/\/gaussschule-braunschweig.de\/index.php?rest_route=\/wp\/v2\/users\/1"}],"replies":[{"embeddable":true,"href":"https:\/\/gaussschule-braunschweig.de\/index.php?rest_route=%2Fwp%2Fv2%2Fcomments&post=2816"}],"version-history":[{"count":3,"href":"https:\/\/gaussschule-braunschweig.de\/index.php?rest_route=\/wp\/v2\/posts\/2816\/revisions"}],"predecessor-version":[{"id":2822,"href":"https:\/\/gaussschule-braunschweig.de\/index.php?rest_route=\/wp\/v2\/posts\/2816\/revisions\/2822"}],"wp:featuredmedia":[{"embeddable":true,"href":"https:\/\/gaussschule-braunschweig.de\/index.php?rest_route=\/wp\/v2\/media\/2817"}],"wp:attachment":[{"href":"https:\/\/gaussschule-braunschweig.de\/index.php?rest_route=%2Fwp%2Fv2%2Fmedia&parent=2816"}],"wp:term":[{"taxonomy":"category","embeddable":true,"href":"https:\/\/gaussschule-braunschweig.de\/index.php?rest_route=%2Fwp%2Fv2%2Fcategories&post=2816"},{"taxonomy":"post_tag","embeddable":true,"href":"https:\/\/gaussschule-braunschweig.de\/index.php?rest_route=%2Fwp%2Fv2%2Ftags&post=2816"}],"curies":[{"name":"wp","href":"https:\/\/api.w.org\/{rel}","templated":true}]}}