{"id":2806,"date":"2017-06-23T10:28:48","date_gmt":"2017-06-23T08:28:48","guid":{"rendered":"http:\/\/gaussschule-braunschweig.de\/?p=2806"},"modified":"2017-06-23T10:28:48","modified_gmt":"2017-06-23T08:28:48","slug":"bigband-unterwegs","status":"publish","type":"post","link":"https:\/\/gaussschule-braunschweig.de\/?p=2806","title":{"rendered":"Bigband unterwegs"},"content":{"rendered":"<p class=\"Text\" style=\"line-height: 150%;\"><span style=\"font-size: 12.0pt; line-height: 150%;\">Unsere Bigband hat einen ereignisreichen Mai hinter sich: Am 25. Mai trat sie im Rahmen des Kirchentages in Magdeburg auf der Hauptb\u00fchne an der Elbe im Vorprogramm der Bigband der Deutschen Bundeswehr auf. Der Auftritt war f\u00fcr die Musiker eine besondere Ehre, da auf dieser B\u00fchne sonst nur Profi-Ensembles auftraten. Die Einladung erfolgte, weil das Ensemble bereits beim Rathausfest 2015 als Bestandteil der Braunschweiger Delegation die Magdeburger Organisatoren \u00fcberzeugen konnte. Schon wenige Tage sp\u00e4ter, am 29. Mai, er\u00f6ffnete die Bigband die Braunschweiger Schultheaterwoche im Foyer des Kleinen Hauses des Staatstheaters unter gro\u00dfem Applaus zahlreicher Sch\u00fclerinnen und Sch\u00fcler. Den Schlusspunkt des Schuljahres setzten unsere Musiker beim Sommerkonzert der Gau\u00dfschule, bei dem sie nach einem anspruchsvollen, einst\u00fcndigen Programm vom begeisterten Publikum gefeiert wurden.<\/span><\/p>\n<div class=\"gdlr-shortcode-wrapper\"><div class=\"gdlr-gallery-item gdlr-item\" ><div class=\"gallery-column four columns\"><div class=\"gallery-item\"><a href=\"https:\/\/gaussschule-braunschweig.de\/wp-content\/uploads\/2017\/06\/7_bigband_magdeburg_04.jpg\" data-fancybox-group=\"gdlr-gal-1\" data-rel=\"fancybox\" ><img loading=\"lazy\" decoding=\"async\" src=\"https:\/\/gaussschule-braunschweig.de\/wp-content\/uploads\/2017\/06\/7_bigband_magdeburg_04-150x150.jpg\" alt=\"\" width=\"150\" height=\"150\" \/><\/a><span class=\"gallery-caption\"><\/span><\/div><\/div><div class=\"gallery-column four columns\"><div class=\"gallery-item\"><a href=\"https:\/\/gaussschule-braunschweig.de\/wp-content\/uploads\/2017\/06\/7_bigband_magdeburg_03.jpg\" data-fancybox-group=\"gdlr-gal-1\" data-rel=\"fancybox\" ><img loading=\"lazy\" decoding=\"async\" src=\"https:\/\/gaussschule-braunschweig.de\/wp-content\/uploads\/2017\/06\/7_bigband_magdeburg_03-150x150.jpg\" alt=\"\" width=\"150\" height=\"150\" \/><\/a><span class=\"gallery-caption\"><\/span><\/div><\/div><div class=\"gallery-column four columns\"><div class=\"gallery-item\"><a href=\"https:\/\/gaussschule-braunschweig.de\/wp-content\/uploads\/2017\/06\/7_bigband_magdeburg_02.jpg\" data-fancybox-group=\"gdlr-gal-1\" data-rel=\"fancybox\" ><img loading=\"lazy\" decoding=\"async\" src=\"https:\/\/gaussschule-braunschweig.de\/wp-content\/uploads\/2017\/06\/7_bigband_magdeburg_02-150x150.jpg\" alt=\"\" width=\"150\" height=\"150\" \/><\/a><span class=\"gallery-caption\"><\/span><\/div><\/div><div class=\"clear\"><\/div><\/div><\/div>\n","protected":false},"excerpt":{"rendered":"<p>Unsere Bigband hat einen ereignisreichen Mai hinter sich: Am 25. Mai trat sie im Rahmen des Kirchentages in Magdeburg auf der Hauptb\u00fchne an der Elbe im Vorprogramm der Bigband der Deutschen Bundeswehr auf. Der Auftritt war f\u00fcr die Musiker eine besondere Ehre, da auf dieser B\u00fchne sonst nur Profi-Ensembles auftraten. Die Einladung erfolgte, weil das&#8230; <a href=\"https:\/\/gaussschule-braunschweig.de\/?p=2806\" class=\"excerpt-read-more\">Read More<\/a><\/p>\n","protected":false},"author":1,"featured_media":2823,"comment_status":"closed","ping_status":"closed","sticky":false,"template":"","format":"standard","meta":{"footnotes":"","_links_to":"","_links_to_target":""},"categories":[23,75,69],"tags":[],"class_list":["post-2806","post","type-post","status-publish","format-standard","has-post-thumbnail","hentry","category-aktuelles","category-big-band","category-veranstaltungen"],"_links":{"self":[{"href":"https:\/\/gaussschule-braunschweig.de\/index.php?rest_route=\/wp\/v2\/posts\/2806","targetHints":{"allow":["GET"]}}],"collection":[{"href":"https:\/\/gaussschule-braunschweig.de\/index.php?rest_route=\/wp\/v2\/posts"}],"about":[{"href":"https:\/\/gaussschule-braunschweig.de\/index.php?rest_route=\/wp\/v2\/types\/post"}],"author":[{"embeddable":true,"href":"https:\/\/gaussschule-braunschweig.de\/index.php?rest_route=\/wp\/v2\/users\/1"}],"replies":[{"embeddable":true,"href":"https:\/\/gaussschule-braunschweig.de\/index.php?rest_route=%2Fwp%2Fv2%2Fcomments&post=2806"}],"version-history":[{"count":2,"href":"https:\/\/gaussschule-braunschweig.de\/index.php?rest_route=\/wp\/v2\/posts\/2806\/revisions"}],"predecessor-version":[{"id":2827,"href":"https:\/\/gaussschule-braunschweig.de\/index.php?rest_route=\/wp\/v2\/posts\/2806\/revisions\/2827"}],"wp:featuredmedia":[{"embeddable":true,"href":"https:\/\/gaussschule-braunschweig.de\/index.php?rest_route=\/wp\/v2\/media\/2823"}],"wp:attachment":[{"href":"https:\/\/gaussschule-braunschweig.de\/index.php?rest_route=%2Fwp%2Fv2%2Fmedia&parent=2806"}],"wp:term":[{"taxonomy":"category","embeddable":true,"href":"https:\/\/gaussschule-braunschweig.de\/index.php?rest_route=%2Fwp%2Fv2%2Fcategories&post=2806"},{"taxonomy":"post_tag","embeddable":true,"href":"https:\/\/gaussschule-braunschweig.de\/index.php?rest_route=%2Fwp%2Fv2%2Ftags&post=2806"}],"curies":[{"name":"wp","href":"https:\/\/api.w.org\/{rel}","templated":true}]}}