{"id":2522,"date":"2017-06-21T12:52:16","date_gmt":"2017-06-21T10:52:16","guid":{"rendered":"http:\/\/gaussschule-braunschweig.de\/?p=2522"},"modified":"2017-06-21T13:26:35","modified_gmt":"2017-06-21T11:26:35","slug":"gauss-orchester-bei-walknart","status":"publish","type":"post","link":"https:\/\/gaussschule-braunschweig.de\/?p=2522","title":{"rendered":"Gau\u00df-Orchester bei Walk&#8217;n&#8217;Art"},"content":{"rendered":"<p>Walk&#8217;n&#8217;Art ist mittlerweile zum festen Bestandteil der Musik-Ensembles an der Gau\u00dfschule geworden. Am Freitag, den 09. Juni war es wieder so weit: In diesem Jahr nahm unser Orchester am Sch\u00fclerkulturfestival Walk &#8217;n&#8216; Art teil. Rund 40 Sch\u00fclerinnen und Sch\u00fcler pr\u00e4sentierten dem Publikum in der gut gef\u00fcllten Dornse des Altstadtrathauses ihr diesj\u00e4hriges Programm. Mit viel Spa\u00df,\u00a0Konzentration und der n\u00f6tigen Aufregung nahm unser Orchester die Zuh\u00f6rer mit auf eine musikalische Reise bis an die Moldau.\u00a0Belohnt wurden alle Akteure mit lang anhaltendem Beifall. Auch im kommenden Jahr werden Gau\u00dfsch\u00fcler sicher wieder bei Walk&#8217;n&#8217;Art musizieren.<\/p>\n<p><a href=\"https:\/\/gaussschule-braunschweig.de\/wp-content\/uploads\/2017\/05\/walk_n_art_2017.jpg\"><img loading=\"lazy\" decoding=\"async\" class=\"alignnone size-full wp-image-2785\" src=\"https:\/\/gaussschule-braunschweig.de\/wp-content\/uploads\/2017\/05\/walk_n_art_2017.jpg\" alt=\"\" width=\"1024\" height=\"768\" srcset=\"https:\/\/gaussschule-braunschweig.de\/wp-content\/uploads\/2017\/05\/walk_n_art_2017.jpg 1024w, https:\/\/gaussschule-braunschweig.de\/wp-content\/uploads\/2017\/05\/walk_n_art_2017-300x225.jpg 300w, https:\/\/gaussschule-braunschweig.de\/wp-content\/uploads\/2017\/05\/walk_n_art_2017-768x576.jpg 768w, https:\/\/gaussschule-braunschweig.de\/wp-content\/uploads\/2017\/05\/walk_n_art_2017-400x300.jpg 400w\" sizes=\"auto, (max-width: 1024px) 100vw, 1024px\" \/><\/a><\/p>\n","protected":false},"excerpt":{"rendered":"<p>Walk&#8217;n&#8217;Art ist mittlerweile zum festen Bestandteil der Musik-Ensembles an der Gau\u00dfschule geworden. Am Freitag, den 09. Juni war es wieder so weit: In diesem Jahr nahm unser Orchester am Sch\u00fclerkulturfestival Walk &#8217;n&#8216; Art teil. Rund 40 Sch\u00fclerinnen und Sch\u00fcler pr\u00e4sentierten dem Publikum in der gut gef\u00fcllten Dornse des Altstadtrathauses ihr diesj\u00e4hriges Programm. Mit viel Spa\u00df,\u00a0Konzentration&#8230; <a href=\"https:\/\/gaussschule-braunschweig.de\/?p=2522\" class=\"excerpt-read-more\">Read More<\/a><\/p>\n","protected":false},"author":1,"featured_media":2523,"comment_status":"closed","ping_status":"closed","sticky":false,"template":"","format":"standard","meta":{"footnotes":"","_links_to":"","_links_to_target":""},"categories":[23,69],"tags":[],"class_list":["post-2522","post","type-post","status-publish","format-standard","has-post-thumbnail","hentry","category-aktuelles","category-veranstaltungen"],"_links":{"self":[{"href":"https:\/\/gaussschule-braunschweig.de\/index.php?rest_route=\/wp\/v2\/posts\/2522","targetHints":{"allow":["GET"]}}],"collection":[{"href":"https:\/\/gaussschule-braunschweig.de\/index.php?rest_route=\/wp\/v2\/posts"}],"about":[{"href":"https:\/\/gaussschule-braunschweig.de\/index.php?rest_route=\/wp\/v2\/types\/post"}],"author":[{"embeddable":true,"href":"https:\/\/gaussschule-braunschweig.de\/index.php?rest_route=\/wp\/v2\/users\/1"}],"replies":[{"embeddable":true,"href":"https:\/\/gaussschule-braunschweig.de\/index.php?rest_route=%2Fwp%2Fv2%2Fcomments&post=2522"}],"version-history":[{"count":3,"href":"https:\/\/gaussschule-braunschweig.de\/index.php?rest_route=\/wp\/v2\/posts\/2522\/revisions"}],"predecessor-version":[{"id":2786,"href":"https:\/\/gaussschule-braunschweig.de\/index.php?rest_route=\/wp\/v2\/posts\/2522\/revisions\/2786"}],"wp:featuredmedia":[{"embeddable":true,"href":"https:\/\/gaussschule-braunschweig.de\/index.php?rest_route=\/wp\/v2\/media\/2523"}],"wp:attachment":[{"href":"https:\/\/gaussschule-braunschweig.de\/index.php?rest_route=%2Fwp%2Fv2%2Fmedia&parent=2522"}],"wp:term":[{"taxonomy":"category","embeddable":true,"href":"https:\/\/gaussschule-braunschweig.de\/index.php?rest_route=%2Fwp%2Fv2%2Fcategories&post=2522"},{"taxonomy":"post_tag","embeddable":true,"href":"https:\/\/gaussschule-braunschweig.de\/index.php?rest_route=%2Fwp%2Fv2%2Ftags&post=2522"}],"curies":[{"name":"wp","href":"https:\/\/api.w.org\/{rel}","templated":true}]}}