{"id":10173,"date":"2026-03-16T14:11:27","date_gmt":"2026-03-16T13:11:27","guid":{"rendered":"https:\/\/gaussschule-braunschweig.de\/?p=10173"},"modified":"2026-03-24T07:06:54","modified_gmt":"2026-03-24T06:06:54","slug":"vom-wachsen-der-fluegel-zeitzeugenbesuch","status":"publish","type":"post","link":"https:\/\/gaussschule-braunschweig.de\/?p=10173","title":{"rendered":"\u201eVom Wachsen der Fl\u00fcgel\u201c \u2013 Zeitzeugenbesuch"},"content":{"rendered":"\n<p>Nachdem unsere Sch\u00fclerinnen und Sch\u00fcler im ersten Halbjahr das Thema \u201aKrise in der DDR\u2019 anhand von Text- und Bildquellen sowie Verfassertexten erarbeitet hatten, wurde nun Geschichte lebendig: Manfred Casper besuchte uns mit freundlicher Unterst\u00fctzung der Konrad-Adenauer-Stiftung. Er berichtete in seinem Vortrag \u201aFreiheit um jeden Preis \u2013 Eine Jugend in der DDR\u2018 eindr\u00fccklich von seiner Biographie. Aufgewachsen in der DDR erlebte Casper eine beh\u00fctete Kindheit und Sommerferienbesuche bei der Oma in Braunschweig, bevor er nach vielen pr\u00e4genden Erfahrungen zum Systemkritiker wurde, der das Land verlassen wollte. Insbesondere seine Schilderungen des gescheiterten Fluchtversuchs, der anschlie\u00dfenden Inhaftierung und auch der Konsequenzen f\u00fcr sein Leben in der Bundesrepublik nach einem \u201eFreikauf\u201c unter engmaschiger Kontrolle der Stasi waren bewegende Einblicke in seinen Kampf um Freiheit.\u00a0<\/p>\n","protected":false},"excerpt":{"rendered":"<p>Nachdem unsere Sch\u00fclerinnen und Sch\u00fcler im ersten Halbjahr das Thema \u201aKrise in der DDR\u2019 anhand von Text- und Bildquellen sowie Verfassertexten erarbeitet hatten, wurde nun Geschichte lebendig: Manfred Casper besuchte uns mit freundlicher Unterst\u00fctzung der Konrad-Adenauer-Stiftung. Er berichtete in seinem Vortrag \u201aFreiheit um jeden Preis \u2013 Eine Jugend in der DDR\u2018 eindr\u00fccklich von seiner Biographie&#8230;. <a href=\"https:\/\/gaussschule-braunschweig.de\/?p=10173\" class=\"excerpt-read-more\">Read More<\/a><\/p>\n","protected":false},"author":1,"featured_media":10192,"comment_status":"closed","ping_status":"closed","sticky":false,"template":"","format":"standard","meta":{"footnotes":"","_links_to":"","_links_to_target":""},"categories":[23,69],"tags":[],"class_list":["post-10173","post","type-post","status-publish","format-standard","has-post-thumbnail","hentry","category-aktuelles","category-veranstaltungen"],"_links":{"self":[{"href":"https:\/\/gaussschule-braunschweig.de\/index.php?rest_route=\/wp\/v2\/posts\/10173","targetHints":{"allow":["GET"]}}],"collection":[{"href":"https:\/\/gaussschule-braunschweig.de\/index.php?rest_route=\/wp\/v2\/posts"}],"about":[{"href":"https:\/\/gaussschule-braunschweig.de\/index.php?rest_route=\/wp\/v2\/types\/post"}],"author":[{"embeddable":true,"href":"https:\/\/gaussschule-braunschweig.de\/index.php?rest_route=\/wp\/v2\/users\/1"}],"replies":[{"embeddable":true,"href":"https:\/\/gaussschule-braunschweig.de\/index.php?rest_route=%2Fwp%2Fv2%2Fcomments&post=10173"}],"version-history":[{"count":3,"href":"https:\/\/gaussschule-braunschweig.de\/index.php?rest_route=\/wp\/v2\/posts\/10173\/revisions"}],"predecessor-version":[{"id":10199,"href":"https:\/\/gaussschule-braunschweig.de\/index.php?rest_route=\/wp\/v2\/posts\/10173\/revisions\/10199"}],"wp:featuredmedia":[{"embeddable":true,"href":"https:\/\/gaussschule-braunschweig.de\/index.php?rest_route=\/wp\/v2\/media\/10192"}],"wp:attachment":[{"href":"https:\/\/gaussschule-braunschweig.de\/index.php?rest_route=%2Fwp%2Fv2%2Fmedia&parent=10173"}],"wp:term":[{"taxonomy":"category","embeddable":true,"href":"https:\/\/gaussschule-braunschweig.de\/index.php?rest_route=%2Fwp%2Fv2%2Fcategories&post=10173"},{"taxonomy":"post_tag","embeddable":true,"href":"https:\/\/gaussschule-braunschweig.de\/index.php?rest_route=%2Fwp%2Fv2%2Ftags&post=10173"}],"curies":[{"name":"wp","href":"https:\/\/api.w.org\/{rel}","templated":true}]}}