{"id":10094,"date":"2026-01-14T16:31:03","date_gmt":"2026-01-14T15:31:03","guid":{"rendered":"https:\/\/gaussschule-braunschweig.de\/?p=10094"},"modified":"2026-01-14T16:35:57","modified_gmt":"2026-01-14T15:35:57","slug":"gedenken-an-martha-fuchs","status":"publish","type":"post","link":"https:\/\/gaussschule-braunschweig.de\/?p=10094","title":{"rendered":"Gedenken an Martha Fuchs"},"content":{"rendered":"\n<p class=\"Text\" style=\"line-height: 150%;\"><span style=\"font-size: 12.0pt; line-height: 150%;\">Zum 60. Todestag der Braunschweiger Oberb\u00fcrgermeisterin Martha Fuchs lasen Sch\u00fclerinnen und Sch\u00fcler aus der Gau\u00dfschule in der Dornse aus verschiedenen Kondolenzbriefen, die Regina Blume, Vorsitzende der Gedenkst\u00e4tte Friedenskapelle, als profunde Martha Fuchs-Kennerin zusammengestellt und eingeleitet hat. Dabei wurde deutlich, wie angesehen und gesch\u00e4tzt Martha Fuchs \u00fcber ihr Leben hinaus war. Musikalisch begleitet wurde die Veranstaltung, zu der Oberb\u00fcrgermeister Dr. Thorsten Kornblum eingeladen hatte, ebenfalls von Gau\u00dfsch\u00fclerinnen: Ein Streichquartett unter der Leitung von Musiklehrerin Johanna Krei\u00df beeindruckte die G\u00e4ste.<\/span><\/p>\n<p><strong>Bilder: <span class=\"character flexible-width\" data-clipboard-text=\"\u00a9\"><span class=\"flexible\">\u00a9<\/span><\/span> Stadt Braunschweig, Michaela Heyse\u00a0<\/strong><\/p>\n\n\n\n<figure class=\"wp-block-image size-full\"><a href=\"https:\/\/gaussschule-braunschweig.de\/wp-content\/uploads\/2026\/01\/martha_fuchs_1_25.jpg\"><img loading=\"lazy\" decoding=\"async\" width=\"1024\" height=\"768\" src=\"https:\/\/gaussschule-braunschweig.de\/wp-content\/uploads\/2026\/01\/martha_fuchs_1_25.jpg\" alt=\"\" class=\"wp-image-10097\" srcset=\"https:\/\/gaussschule-braunschweig.de\/wp-content\/uploads\/2026\/01\/martha_fuchs_1_25.jpg 1024w, https:\/\/gaussschule-braunschweig.de\/wp-content\/uploads\/2026\/01\/martha_fuchs_1_25-300x225.jpg 300w, https:\/\/gaussschule-braunschweig.de\/wp-content\/uploads\/2026\/01\/martha_fuchs_1_25-768x576.jpg 768w, https:\/\/gaussschule-braunschweig.de\/wp-content\/uploads\/2026\/01\/martha_fuchs_1_25-400x300.jpg 400w\" sizes=\"auto, (max-width: 1024px) 100vw, 1024px\" \/><\/a><\/figure>\n","protected":false},"excerpt":{"rendered":"<p>Zum 60. Todestag der Braunschweiger Oberb\u00fcrgermeisterin Martha Fuchs lasen Sch\u00fclerinnen und Sch\u00fcler aus der Gau\u00dfschule in der Dornse aus verschiedenen Kondolenzbriefen, die Regina Blume, Vorsitzende der Gedenkst\u00e4tte Friedenskapelle, als profunde Martha Fuchs-Kennerin zusammengestellt und eingeleitet hat. Dabei wurde deutlich, wie angesehen und gesch\u00e4tzt Martha Fuchs \u00fcber ihr Leben hinaus war. Musikalisch begleitet wurde die Veranstaltung,&#8230; <a href=\"https:\/\/gaussschule-braunschweig.de\/?p=10094\" class=\"excerpt-read-more\">Read More<\/a><\/p>\n","protected":false},"author":1,"featured_media":10100,"comment_status":"closed","ping_status":"closed","sticky":false,"template":"","format":"standard","meta":{"footnotes":"","_links_to":"","_links_to_target":""},"categories":[23,72],"tags":[],"class_list":["post-10094","post","type-post","status-publish","format-standard","has-post-thumbnail","hentry","category-aktuelles","category-unterricht-und-projekte"],"_links":{"self":[{"href":"https:\/\/gaussschule-braunschweig.de\/index.php?rest_route=\/wp\/v2\/posts\/10094","targetHints":{"allow":["GET"]}}],"collection":[{"href":"https:\/\/gaussschule-braunschweig.de\/index.php?rest_route=\/wp\/v2\/posts"}],"about":[{"href":"https:\/\/gaussschule-braunschweig.de\/index.php?rest_route=\/wp\/v2\/types\/post"}],"author":[{"embeddable":true,"href":"https:\/\/gaussschule-braunschweig.de\/index.php?rest_route=\/wp\/v2\/users\/1"}],"replies":[{"embeddable":true,"href":"https:\/\/gaussschule-braunschweig.de\/index.php?rest_route=%2Fwp%2Fv2%2Fcomments&post=10094"}],"version-history":[{"count":3,"href":"https:\/\/gaussschule-braunschweig.de\/index.php?rest_route=\/wp\/v2\/posts\/10094\/revisions"}],"predecessor-version":[{"id":10099,"href":"https:\/\/gaussschule-braunschweig.de\/index.php?rest_route=\/wp\/v2\/posts\/10094\/revisions\/10099"}],"wp:featuredmedia":[{"embeddable":true,"href":"https:\/\/gaussschule-braunschweig.de\/index.php?rest_route=\/wp\/v2\/media\/10100"}],"wp:attachment":[{"href":"https:\/\/gaussschule-braunschweig.de\/index.php?rest_route=%2Fwp%2Fv2%2Fmedia&parent=10094"}],"wp:term":[{"taxonomy":"category","embeddable":true,"href":"https:\/\/gaussschule-braunschweig.de\/index.php?rest_route=%2Fwp%2Fv2%2Fcategories&post=10094"},{"taxonomy":"post_tag","embeddable":true,"href":"https:\/\/gaussschule-braunschweig.de\/index.php?rest_route=%2Fwp%2Fv2%2Ftags&post=10094"}],"curies":[{"name":"wp","href":"https:\/\/api.w.org\/{rel}","templated":true}]}}